{"id":7585,"date":"2021-08-29T15:44:11","date_gmt":"2021-08-29T15:44:11","guid":{"rendered":"https:\/\/sit.com.mt\/?p=7585"},"modified":"2021-09-01T19:48:46","modified_gmt":"2021-09-01T19:48:46","slug":"the-valletta-green-festival-the-annual-event-synonymous-with-our-local-cultural-calendar-will-be-held-between-the-5th-and-8th-of-may-2022","status":"publish","type":"post","link":"https:\/\/sit.com.mt\/fr\/the-valletta-green-festival-the-annual-event-synonymous-with-our-local-cultural-calendar-will-be-held-between-the-5th-and-8th-of-may-2022\/","title":{"rendered":"The Valletta Green festival"},"content":{"rendered":"\n<p id=\"block-6d13ec8f-384d-4bb5-b669-275b40391e28\">The lush <strong>Pjazza San \u0120or\u0121 in Valletta<\/strong> is transformed each year into a huge floral carpet, composed of thousands of colorful plants and flowers. It was created with the aim of creating environmental awareness in the Maltese islands and has become one of the most anticipated and photographed events in the country.<\/p>\n\n\n\n<p id=\"block-681f667a-d3ba-4497-a97c-52103ee60efd\"><br><strong>Where: <\/strong>St George\u2019s Square<\/p>\n\n\n\n<p id=\"block-825cac2f-85c7-48ab-9316-7bd3c9ba6a3a\"><strong>When:<\/strong> 5th and 8th of May 2022<\/p>\n\n\n\n<p id=\"block-76d406b2-74b8-48ac-8e84-da378e851340\">Cost: Free<\/p>\n","protected":false},"excerpt":{"rendered":"<p>The Valletta Green festival, the annual event synonymous with our local cultural calendar, will be held between the 5th and 8th of May 2022<\/p>\n","protected":false},"author":6,"featured_media":7339,"comment_status":"open","ping_status":"open","sticky":false,"template":"","format":"standard","meta":{"footnotes":""},"categories":[96,16,97],"tags":[],"class_list":["post-7585","post","type-post","status-publish","format-standard","has-post-thumbnail","hentry","category-evenements","category-festivals"],"acf":[],"yoast_head":"<!-- This site is optimized with the Yoast SEO plugin v25.3 - https:\/\/yoast.com\/wordpress\/plugins\/seo\/ -->\n<title>The Valletta Green festival - SIT Malta<\/title>\n<meta name=\"robots\" content=\"index, follow, max-snippet:-1, max-image-preview:large, max-video-preview:-1\" \/>\n<link rel=\"canonical\" href=\"https:\/\/sit.com.mt\/fr\/the-valletta-green-festival-the-annual-event-synonymous-with-our-local-cultural-calendar-will-be-held-between-the-5th-and-8th-of-may-2022\/\" \/>\n<meta property=\"og:locale\" content=\"fr_FR\" \/>\n<meta property=\"og:type\" content=\"article\" \/>\n<meta property=\"og:title\" content=\"The Valletta Green festival - SIT Malta\" \/>\n<meta property=\"og:description\" content=\"The Valletta Green festival, the annual event synonymous with our local cultural calendar, will be held between the 5th and 8th of May 2022\" \/>\n<meta property=\"og:url\" content=\"https:\/\/sit.com.mt\/fr\/the-valletta-green-festival-the-annual-event-synonymous-with-our-local-cultural-calendar-will-be-held-between-the-5th-and-8th-of-may-2022\/\" \/>\n<meta property=\"og:site_name\" content=\"SIT Malta\" \/>\n<meta property=\"article:published_time\" content=\"2021-08-29T15:44:11+00:00\" \/>\n<meta property=\"article:modified_time\" content=\"2021-09-01T19:48:46+00:00\" \/>\n<meta property=\"og:image\" content=\"https:\/\/sit.com.mt\/wp-content\/uploads\/2021\/07\/infioratavalletacultural-agency.jpg\" \/>\n\t<meta property=\"og:image:width\" content=\"1080\" \/>\n\t<meta property=\"og:image:height\" content=\"720\" \/>\n\t<meta property=\"og:image:type\" content=\"image\/jpeg\" \/>\n<meta name=\"author\" content=\"Caro Vallejo\" \/>\n<meta name=\"twitter:card\" content=\"summary_large_image\" \/>\n<meta name=\"twitter:label1\" content=\"\u00c9crit par\" \/>\n\t<meta name=\"twitter:data1\" content=\"Caro Vallejo\" \/>\n<script type=\"application\/ld+json\" class=\"yoast-schema-graph\">{\"@context\":\"https:\/\/schema.org\",\"@graph\":[{\"@type\":\"Article\",\"@id\":\"https:\/\/sit.com.mt\/fr\/the-valletta-green-festival-the-annual-event-synonymous-with-our-local-cultural-calendar-will-be-held-between-the-5th-and-8th-of-may-2022\/#article\",\"isPartOf\":{\"@id\":\"https:\/\/sit.com.mt\/fr\/the-valletta-green-festival-the-annual-event-synonymous-with-our-local-cultural-calendar-will-be-held-between-the-5th-and-8th-of-may-2022\/\"},\"author\":{\"name\":\"Caro Vallejo\",\"@id\":\"https:\/\/sit.com.mt\/#\/schema\/person\/7cf84aab99d106150fed56401a4bee7c\"},\"headline\":\"The Valletta Green festival\",\"datePublished\":\"2021-08-29T15:44:11+00:00\",\"dateModified\":\"2021-09-01T19:48:46+00:00\",\"mainEntityOfPage\":{\"@id\":\"https:\/\/sit.com.mt\/fr\/the-valletta-green-festival-the-annual-event-synonymous-with-our-local-cultural-calendar-will-be-held-between-the-5th-and-8th-of-may-2022\/\"},\"wordCount\":69,\"commentCount\":0,\"publisher\":{\"@id\":\"https:\/\/sit.com.mt\/#organization\"},\"image\":{\"@id\":\"https:\/\/sit.com.mt\/fr\/the-valletta-green-festival-the-annual-event-synonymous-with-our-local-cultural-calendar-will-be-held-between-the-5th-and-8th-of-may-2022\/#primaryimage\"},\"thumbnailUrl\":\"https:\/\/sit.com.mt\/wp-content\/uploads\/2021\/07\/infioratavalletacultural-agency.jpg\",\"articleSection\":[\"\u00c9v\u00e9nements\",\"Festivals and Events\",\"Festivals et \u00c9v\u00e9nements\"],\"inLanguage\":\"fr-FR\",\"potentialAction\":[{\"@type\":\"CommentAction\",\"name\":\"Comment\",\"target\":[\"https:\/\/sit.com.mt\/fr\/the-valletta-green-festival-the-annual-event-synonymous-with-our-local-cultural-calendar-will-be-held-between-the-5th-and-8th-of-may-2022\/#respond\"]}]},{\"@type\":\"WebPage\",\"@id\":\"https:\/\/sit.com.mt\/fr\/the-valletta-green-festival-the-annual-event-synonymous-with-our-local-cultural-calendar-will-be-held-between-the-5th-and-8th-of-may-2022\/\",\"url\":\"https:\/\/sit.com.mt\/fr\/the-valletta-green-festival-the-annual-event-synonymous-with-our-local-cultural-calendar-will-be-held-between-the-5th-and-8th-of-may-2022\/\",\"name\":\"The Valletta Green festival - SIT Malta\",\"isPartOf\":{\"@id\":\"https:\/\/sit.com.mt\/#website\"},\"primaryImageOfPage\":{\"@id\":\"https:\/\/sit.com.mt\/fr\/the-valletta-green-festival-the-annual-event-synonymous-with-our-local-cultural-calendar-will-be-held-between-the-5th-and-8th-of-may-2022\/#primaryimage\"},\"image\":{\"@id\":\"https:\/\/sit.com.mt\/fr\/the-valletta-green-festival-the-annual-event-synonymous-with-our-local-cultural-calendar-will-be-held-between-the-5th-and-8th-of-may-2022\/#primaryimage\"},\"thumbnailUrl\":\"https:\/\/sit.com.mt\/wp-content\/uploads\/2021\/07\/infioratavalletacultural-agency.jpg\",\"datePublished\":\"2021-08-29T15:44:11+00:00\",\"dateModified\":\"2021-09-01T19:48:46+00:00\",\"breadcrumb\":{\"@id\":\"https:\/\/sit.com.mt\/fr\/the-valletta-green-festival-the-annual-event-synonymous-with-our-local-cultural-calendar-will-be-held-between-the-5th-and-8th-of-may-2022\/#breadcrumb\"},\"inLanguage\":\"fr-FR\",\"potentialAction\":[{\"@type\":\"ReadAction\",\"target\":[\"https:\/\/sit.com.mt\/fr\/the-valletta-green-festival-the-annual-event-synonymous-with-our-local-cultural-calendar-will-be-held-between-the-5th-and-8th-of-may-2022\/\"]}]},{\"@type\":\"ImageObject\",\"inLanguage\":\"fr-FR\",\"@id\":\"https:\/\/sit.com.mt\/fr\/the-valletta-green-festival-the-annual-event-synonymous-with-our-local-cultural-calendar-will-be-held-between-the-5th-and-8th-of-may-2022\/#primaryimage\",\"url\":\"https:\/\/sit.com.mt\/wp-content\/uploads\/2021\/07\/infioratavalletacultural-agency.jpg\",\"contentUrl\":\"https:\/\/sit.com.mt\/wp-content\/uploads\/2021\/07\/infioratavalletacultural-agency.jpg\",\"width\":1080,\"height\":720,\"caption\":\"Credits: Valletta Cultural Agency\"},{\"@type\":\"BreadcrumbList\",\"@id\":\"https:\/\/sit.com.mt\/fr\/the-valletta-green-festival-the-annual-event-synonymous-with-our-local-cultural-calendar-will-be-held-between-the-5th-and-8th-of-may-2022\/#breadcrumb\",\"itemListElement\":[{\"@type\":\"ListItem\",\"position\":1,\"name\":\"Home\",\"item\":\"https:\/\/sit.com.mt\/fr\/\"},{\"@type\":\"ListItem\",\"position\":2,\"name\":\"The Valletta Green festival\"}]},{\"@type\":\"WebSite\",\"@id\":\"https:\/\/sit.com.mt\/#website\",\"url\":\"https:\/\/sit.com.mt\/\",\"name\":\"SIT Malta\",\"description\":\"Unique Travel Programs\",\"publisher\":{\"@id\":\"https:\/\/sit.com.mt\/#organization\"},\"potentialAction\":[{\"@type\":\"SearchAction\",\"target\":{\"@type\":\"EntryPoint\",\"urlTemplate\":\"https:\/\/sit.com.mt\/?s={search_term_string}\"},\"query-input\":{\"@type\":\"PropertyValueSpecification\",\"valueRequired\":true,\"valueName\":\"search_term_string\"}}],\"inLanguage\":\"fr-FR\"},{\"@type\":\"Organization\",\"@id\":\"https:\/\/sit.com.mt\/#organization\",\"name\":\"SIT Mailta\",\"url\":\"https:\/\/sit.com.mt\/\",\"logo\":{\"@type\":\"ImageObject\",\"inLanguage\":\"fr-FR\",\"@id\":\"https:\/\/sit.com.mt\/#\/schema\/logo\/image\/\",\"url\":\"https:\/\/sit.com.mt\/wp-content\/uploads\/2020\/01\/main-logo-new.svg\",\"contentUrl\":\"https:\/\/sit.com.mt\/wp-content\/uploads\/2020\/01\/main-logo-new.svg\",\"width\":1,\"height\":1,\"caption\":\"SIT Mailta\"},\"image\":{\"@id\":\"https:\/\/sit.com.mt\/#\/schema\/logo\/image\/\"}},{\"@type\":\"Person\",\"@id\":\"https:\/\/sit.com.mt\/#\/schema\/person\/7cf84aab99d106150fed56401a4bee7c\",\"name\":\"Caro Vallejo\",\"image\":{\"@type\":\"ImageObject\",\"inLanguage\":\"fr-FR\",\"@id\":\"https:\/\/sit.com.mt\/#\/schema\/person\/image\/\",\"url\":\"https:\/\/secure.gravatar.com\/avatar\/6d6f2ba9d6f0c1f8d19bac70a7bac5fbbe5a7779a952a343f1373831c57e6028?s=96&d=blank&r=g\",\"contentUrl\":\"https:\/\/secure.gravatar.com\/avatar\/6d6f2ba9d6f0c1f8d19bac70a7bac5fbbe5a7779a952a343f1373831c57e6028?s=96&d=blank&r=g\",\"caption\":\"Caro Vallejo\"},\"url\":\"https:\/\/sit.com.mt\/fr\/author\/cvallejo\/\"}]}<\/script>\n<!-- \/ Yoast SEO plugin. -->","yoast_head_json":{"title":"The Valletta Green festival - SIT Malta","robots":{"index":"index","follow":"follow","max-snippet":"max-snippet:-1","max-image-preview":"max-image-preview:large","max-video-preview":"max-video-preview:-1"},"canonical":"https:\/\/sit.com.mt\/fr\/the-valletta-green-festival-the-annual-event-synonymous-with-our-local-cultural-calendar-will-be-held-between-the-5th-and-8th-of-may-2022\/","og_locale":"fr_FR","og_type":"article","og_title":"The Valletta Green festival - SIT Malta","og_description":"The Valletta Green festival, the annual event synonymous with our local cultural calendar, will be held between the 5th and 8th of May 2022","og_url":"https:\/\/sit.com.mt\/fr\/the-valletta-green-festival-the-annual-event-synonymous-with-our-local-cultural-calendar-will-be-held-between-the-5th-and-8th-of-may-2022\/","og_site_name":"SIT Malta","article_published_time":"2021-08-29T15:44:11+00:00","article_modified_time":"2021-09-01T19:48:46+00:00","og_image":[{"width":1080,"height":720,"url":"https:\/\/sit.com.mt\/wp-content\/uploads\/2021\/07\/infioratavalletacultural-agency.jpg","type":"image\/jpeg"}],"author":"Caro Vallejo","twitter_card":"summary_large_image","twitter_misc":{"\u00c9crit par":"Caro Vallejo"},"schema":{"@context":"https:\/\/schema.org","@graph":[{"@type":"Article","@id":"https:\/\/sit.com.mt\/fr\/the-valletta-green-festival-the-annual-event-synonymous-with-our-local-cultural-calendar-will-be-held-between-the-5th-and-8th-of-may-2022\/#article","isPartOf":{"@id":"https:\/\/sit.com.mt\/fr\/the-valletta-green-festival-the-annual-event-synonymous-with-our-local-cultural-calendar-will-be-held-between-the-5th-and-8th-of-may-2022\/"},"author":{"name":"Caro Vallejo","@id":"https:\/\/sit.com.mt\/#\/schema\/person\/7cf84aab99d106150fed56401a4bee7c"},"headline":"The Valletta Green festival","datePublished":"2021-08-29T15:44:11+00:00","dateModified":"2021-09-01T19:48:46+00:00","mainEntityOfPage":{"@id":"https:\/\/sit.com.mt\/fr\/the-valletta-green-festival-the-annual-event-synonymous-with-our-local-cultural-calendar-will-be-held-between-the-5th-and-8th-of-may-2022\/"},"wordCount":69,"commentCount":0,"publisher":{"@id":"https:\/\/sit.com.mt\/#organization"},"image":{"@id":"https:\/\/sit.com.mt\/fr\/the-valletta-green-festival-the-annual-event-synonymous-with-our-local-cultural-calendar-will-be-held-between-the-5th-and-8th-of-may-2022\/#primaryimage"},"thumbnailUrl":"https:\/\/sit.com.mt\/wp-content\/uploads\/2021\/07\/infioratavalletacultural-agency.jpg","articleSection":["\u00c9v\u00e9nements","Festivals and Events","Festivals et \u00c9v\u00e9nements"],"inLanguage":"fr-FR","potentialAction":[{"@type":"CommentAction","name":"Comment","target":["https:\/\/sit.com.mt\/fr\/the-valletta-green-festival-the-annual-event-synonymous-with-our-local-cultural-calendar-will-be-held-between-the-5th-and-8th-of-may-2022\/#respond"]}]},{"@type":"WebPage","@id":"https:\/\/sit.com.mt\/fr\/the-valletta-green-festival-the-annual-event-synonymous-with-our-local-cultural-calendar-will-be-held-between-the-5th-and-8th-of-may-2022\/","url":"https:\/\/sit.com.mt\/fr\/the-valletta-green-festival-the-annual-event-synonymous-with-our-local-cultural-calendar-will-be-held-between-the-5th-and-8th-of-may-2022\/","name":"The Valletta Green festival - SIT Malta","isPartOf":{"@id":"https:\/\/sit.com.mt\/#website"},"primaryImageOfPage":{"@id":"https:\/\/sit.com.mt\/fr\/the-valletta-green-festival-the-annual-event-synonymous-with-our-local-cultural-calendar-will-be-held-between-the-5th-and-8th-of-may-2022\/#primaryimage"},"image":{"@id":"https:\/\/sit.com.mt\/fr\/the-valletta-green-festival-the-annual-event-synonymous-with-our-local-cultural-calendar-will-be-held-between-the-5th-and-8th-of-may-2022\/#primaryimage"},"thumbnailUrl":"https:\/\/sit.com.mt\/wp-content\/uploads\/2021\/07\/infioratavalletacultural-agency.jpg","datePublished":"2021-08-29T15:44:11+00:00","dateModified":"2021-09-01T19:48:46+00:00","breadcrumb":{"@id":"https:\/\/sit.com.mt\/fr\/the-valletta-green-festival-the-annual-event-synonymous-with-our-local-cultural-calendar-will-be-held-between-the-5th-and-8th-of-may-2022\/#breadcrumb"},"inLanguage":"fr-FR","potentialAction":[{"@type":"ReadAction","target":["https:\/\/sit.com.mt\/fr\/the-valletta-green-festival-the-annual-event-synonymous-with-our-local-cultural-calendar-will-be-held-between-the-5th-and-8th-of-may-2022\/"]}]},{"@type":"ImageObject","inLanguage":"fr-FR","@id":"https:\/\/sit.com.mt\/fr\/the-valletta-green-festival-the-annual-event-synonymous-with-our-local-cultural-calendar-will-be-held-between-the-5th-and-8th-of-may-2022\/#primaryimage","url":"https:\/\/sit.com.mt\/wp-content\/uploads\/2021\/07\/infioratavalletacultural-agency.jpg","contentUrl":"https:\/\/sit.com.mt\/wp-content\/uploads\/2021\/07\/infioratavalletacultural-agency.jpg","width":1080,"height":720,"caption":"Credits: Valletta Cultural Agency"},{"@type":"BreadcrumbList","@id":"https:\/\/sit.com.mt\/fr\/the-valletta-green-festival-the-annual-event-synonymous-with-our-local-cultural-calendar-will-be-held-between-the-5th-and-8th-of-may-2022\/#breadcrumb","itemListElement":[{"@type":"ListItem","position":1,"name":"Home","item":"https:\/\/sit.com.mt\/fr\/"},{"@type":"ListItem","position":2,"name":"The Valletta Green festival"}]},{"@type":"WebSite","@id":"https:\/\/sit.com.mt\/#website","url":"https:\/\/sit.com.mt\/","name":"SIT Malta","description":"Unique Travel Programs","publisher":{"@id":"https:\/\/sit.com.mt\/#organization"},"potentialAction":[{"@type":"SearchAction","target":{"@type":"EntryPoint","urlTemplate":"https:\/\/sit.com.mt\/?s={search_term_string}"},"query-input":{"@type":"PropertyValueSpecification","valueRequired":true,"valueName":"search_term_string"}}],"inLanguage":"fr-FR"},{"@type":"Organization","@id":"https:\/\/sit.com.mt\/#organization","name":"SIT Mailta","url":"https:\/\/sit.com.mt\/","logo":{"@type":"ImageObject","inLanguage":"fr-FR","@id":"https:\/\/sit.com.mt\/#\/schema\/logo\/image\/","url":"https:\/\/sit.com.mt\/wp-content\/uploads\/2020\/01\/main-logo-new.svg","contentUrl":"https:\/\/sit.com.mt\/wp-content\/uploads\/2020\/01\/main-logo-new.svg","width":1,"height":1,"caption":"SIT Mailta"},"image":{"@id":"https:\/\/sit.com.mt\/#\/schema\/logo\/image\/"}},{"@type":"Person","@id":"https:\/\/sit.com.mt\/#\/schema\/person\/7cf84aab99d106150fed56401a4bee7c","name":"Caro Vallejo","image":{"@type":"ImageObject","inLanguage":"fr-FR","@id":"https:\/\/sit.com.mt\/#\/schema\/person\/image\/","url":"https:\/\/secure.gravatar.com\/avatar\/6d6f2ba9d6f0c1f8d19bac70a7bac5fbbe5a7779a952a343f1373831c57e6028?s=96&d=blank&r=g","contentUrl":"https:\/\/secure.gravatar.com\/avatar\/6d6f2ba9d6f0c1f8d19bac70a7bac5fbbe5a7779a952a343f1373831c57e6028?s=96&d=blank&r=g","caption":"Caro Vallejo"},"url":"https:\/\/sit.com.mt\/fr\/author\/cvallejo\/"}]}},"_links":{"self":[{"href":"https:\/\/sit.com.mt\/fr\/wp-json\/wp\/v2\/posts\/7585","targetHints":{"allow":["GET"]}}],"collection":[{"href":"https:\/\/sit.com.mt\/fr\/wp-json\/wp\/v2\/posts"}],"about":[{"href":"https:\/\/sit.com.mt\/fr\/wp-json\/wp\/v2\/types\/post"}],"author":[{"embeddable":true,"href":"https:\/\/sit.com.mt\/fr\/wp-json\/wp\/v2\/users\/6"}],"replies":[{"embeddable":true,"href":"https:\/\/sit.com.mt\/fr\/wp-json\/wp\/v2\/comments?post=7585"}],"version-history":[{"count":0,"href":"https:\/\/sit.com.mt\/fr\/wp-json\/wp\/v2\/posts\/7585\/revisions"}],"wp:featuredmedia":[{"embeddable":true,"href":"https:\/\/sit.com.mt\/fr\/wp-json\/wp\/v2\/media\/7339"}],"wp:attachment":[{"href":"https:\/\/sit.com.mt\/fr\/wp-json\/wp\/v2\/media?parent=7585"}],"wp:term":[{"taxonomy":"category","embeddable":true,"href":"https:\/\/sit.com.mt\/fr\/wp-json\/wp\/v2\/categories?post=7585"},{"taxonomy":"post_tag","embeddable":true,"href":"https:\/\/sit.com.mt\/fr\/wp-json\/wp\/v2\/tags?post=7585"}],"curies":[{"name":"wp","href":"https:\/\/api.w.org\/{rel}","templated":true}]}}